{"id":10277,"date":"2024-01-16T00:45:35","date_gmt":"2024-01-16T00:45:35","guid":{"rendered":"https:\/\/portalr3.online\/?p=10277"},"modified":"2024-01-16T00:52:26","modified_gmt":"2024-01-16T00:52:26","slug":"governo-publica-edital-do-enem-dos-concursos-nesta-quarta-feira","status":"publish","type":"post","link":"https:\/\/portalr3.online\/index.php\/2024\/01\/16\/governo-publica-edital-do-enem-dos-concursos-nesta-quarta-feira\/","title":{"rendered":"Governo publica edital do \u2018Enem dos concursos\u2019 nesta quarta-feira"},"content":{"rendered":"\n<h2 class=\"wp-block-heading\">Segundo o Minist\u00e9rio da Gest\u00e3o e da Inova\u00e7\u00e3o em Servi\u00e7os P\u00fablicos, o edital ser\u00e1 publicado em edi\u00e7\u00e3o extra do Di\u00e1rio Oficial da Uni\u00e3o (DOU)<\/h2>\n\n\n\n<p>Governo publica nesta quarta-feira, 10, o edital do Concurso P\u00fablico Nacional Unificado, apelidado de \u201cEnem dos concursos\u201d. Segundo o Minist\u00e9rio da Gest\u00e3o e da Inova\u00e7\u00e3o em Servi\u00e7os P\u00fablicos, o edital ser\u00e1 publicado em edi\u00e7\u00e3o extra do&nbsp;<em>Di\u00e1rio Oficial da Uni\u00e3o (DOU)<\/em>.<\/p>\n\n\n\n<p>O \u00f3rg\u00e3o marcou para esta quarta, \u00e0s 14h30, uma entrevista coletiva em Bras\u00edlia para discutir o edital, com a participa\u00e7\u00e3o da ministra Esther Dweck, da equipe do minist\u00e9rio e da Cesgranrio, respons\u00e1vel pelo concurso. A coletiva ser\u00e1 transmitida ao vivo pelo Youtube.<\/p>\n\n\n\n<p>Apelidado de \u201cEnem dos concursos\u201d, o Concurso P\u00fablico Nacional Unificado ter\u00e1 provas sendo aplicadas simultaneamente em 217 cidades, em todas as unidades da federa\u00e7\u00e3o, e ofertar\u00e1 6.640 vagas no servi\u00e7o p\u00fablico federal, em 21 \u00f3rg\u00e3os diferentes. Os editais do concurso dever\u00e3o trazer, entre outras informa\u00e7\u00f5es, os conte\u00fados das provas e os crit\u00e9rios de classifica\u00e7\u00e3o e desclassifica\u00e7\u00e3o.<\/p>\n\n\n\n<p>As inscri\u00e7\u00f5es ser\u00e3o do dia 19 de janeiro at\u00e9 o dia 9 de fevereiro e a realiza\u00e7\u00e3o da prova ser\u00e1 no dia 5 de maio em dois turnos, manh\u00e3 e tarde. O governo afirma que o objetivo do Concurso P\u00fablico Nacional Unificado \u00e9 garantir igualdade de acesso aos cargos p\u00fablicos efetivos, al\u00e9m de padronizar os procedimentos de aplica\u00e7\u00e3o das provas<\/p>\n","protected":false},"excerpt":{"rendered":"<p>Segundo o Minist\u00e9rio da Gest\u00e3o e da Inova\u00e7\u00e3o em Servi\u00e7os P\u00fablicos, o edital ser\u00e1 publicado em edi\u00e7\u00e3o extra do Di\u00e1rio<\/p>\n","protected":false},"author":2,"featured_media":10278,"comment_status":"closed","ping_status":"closed","sticky":true,"template":"","format":"status","meta":{"colormag_page_container_layout":"default_layout","colormag_page_sidebar_layout":"default_layout","footnotes":""},"categories":[350,12],"tags":[1095],"class_list":["post-10277","post","type-post","status-publish","format-status","has-post-thumbnail","hentry","category-destaque","category-noticias-brasil","tag-enem","post_format-post-format-status"],"aioseo_notices":[],"_links":{"self":[{"href":"https:\/\/portalr3.online\/index.php\/wp-json\/wp\/v2\/posts\/10277","targetHints":{"allow":["GET"]}}],"collection":[{"href":"https:\/\/portalr3.online\/index.php\/wp-json\/wp\/v2\/posts"}],"about":[{"href":"https:\/\/portalr3.online\/index.php\/wp-json\/wp\/v2\/types\/post"}],"author":[{"embeddable":true,"href":"https:\/\/portalr3.online\/index.php\/wp-json\/wp\/v2\/users\/2"}],"replies":[{"embeddable":true,"href":"https:\/\/portalr3.online\/index.php\/wp-json\/wp\/v2\/comments?post=10277"}],"version-history":[{"count":1,"href":"https:\/\/portalr3.online\/index.php\/wp-json\/wp\/v2\/posts\/10277\/revisions"}],"predecessor-version":[{"id":10279,"href":"https:\/\/portalr3.online\/index.php\/wp-json\/wp\/v2\/posts\/10277\/revisions\/10279"}],"wp:featuredmedia":[{"embeddable":true,"href":"https:\/\/portalr3.online\/index.php\/wp-json\/wp\/v2\/media\/10278"}],"wp:attachment":[{"href":"https:\/\/portalr3.online\/index.php\/wp-json\/wp\/v2\/media?parent=10277"}],"wp:term":[{"taxonomy":"category","embeddable":true,"href":"https:\/\/portalr3.online\/index.php\/wp-json\/wp\/v2\/categories?post=10277"},{"taxonomy":"post_tag","embeddable":true,"href":"https:\/\/portalr3.online\/index.php\/wp-json\/wp\/v2\/tags?post=10277"}],"curies":[{"name":"wp","href":"https:\/\/api.w.org\/{rel}","templated":true}]}}