{"id":10218,"date":"2023-02-22T23:31:21","date_gmt":"2023-02-22T23:31:21","guid":{"rendered":"https:\/\/portalr3.online\/?p=10218"},"modified":"2023-02-22T23:31:23","modified_gmt":"2023-02-22T23:31:23","slug":"ha-mais-um-motivo-para-apostar-na-proxima-geracao-de-iphones","status":"publish","type":"post","link":"https:\/\/portalr3.online\/index.php\/2023\/02\/22\/ha-mais-um-motivo-para-apostar-na-proxima-geracao-de-iphones\/","title":{"rendered":"H\u00e1 mais um motivo para apostar na pr\u00f3xima gera\u00e7\u00e3o de iPhones"},"content":{"rendered":"\n<p><strong>O<\/strong>mais recente relat\u00f3rio da TrendForce (via\u00a0Bgr indica que os interessados na pr\u00f3xima gera\u00e7\u00e3o do iPhone podem esperar um aumento no que diz respeito \u00e0 mem\u00f3ria RAM.<\/p>\n\n\n\n<p>As informa\u00e7\u00f5es dispon\u00edveis indicam que os novos celulares da s\u00e9rie iPhone 15 ter\u00e3o 8GB de mem\u00f3ria RAM, mais do que os 6GB de RAM que est\u00e3o dispon\u00edveis nos quatro modelos do iPhone 14.<\/p>\n\n\n\n<p>Esta ser\u00e1 apenas uma das mudan\u00e7as previstas para a pr\u00f3xima gera\u00e7\u00e3o de telefones da Apple, esperando-se at\u00e9 que a Dynamic Island exclusiva do iPhone 14 Pro e iPhone 14 Pro Max esteja dispon\u00edvel nos quatro modelos do iPhone 14.<\/p>\n","protected":false},"excerpt":{"rendered":"<p>Omais recente relat\u00f3rio da TrendForce (via\u00a0Bgr indica que os interessados na pr\u00f3xima gera\u00e7\u00e3o do iPhone podem esperar um aumento no<\/p>\n","protected":false},"author":1,"featured_media":10219,"comment_status":"closed","ping_status":"closed","sticky":true,"template":"","format":"status","meta":{"colormag_page_container_layout":"default_layout","colormag_page_sidebar_layout":"default_layout","footnotes":""},"categories":[107,22,350,4,1043,27,718,19,519],"tags":[1080,1079,1081],"class_list":["post-10218","post","type-post","status-publish","format-status","has-post-thumbnail","hentry","category-brasil","category-cidades","category-destaque","category-europa","category-noticias-do-dia","category-rede-social","category-super","category-tecnologia","category-ultimas","tag-iphone","tag-tecnologia","tag-ultimas-2","post_format-post-format-status"],"aioseo_notices":[],"_links":{"self":[{"href":"https:\/\/portalr3.online\/index.php\/wp-json\/wp\/v2\/posts\/10218","targetHints":{"allow":["GET"]}}],"collection":[{"href":"https:\/\/portalr3.online\/index.php\/wp-json\/wp\/v2\/posts"}],"about":[{"href":"https:\/\/portalr3.online\/index.php\/wp-json\/wp\/v2\/types\/post"}],"author":[{"embeddable":true,"href":"https:\/\/portalr3.online\/index.php\/wp-json\/wp\/v2\/users\/1"}],"replies":[{"embeddable":true,"href":"https:\/\/portalr3.online\/index.php\/wp-json\/wp\/v2\/comments?post=10218"}],"version-history":[{"count":1,"href":"https:\/\/portalr3.online\/index.php\/wp-json\/wp\/v2\/posts\/10218\/revisions"}],"predecessor-version":[{"id":10220,"href":"https:\/\/portalr3.online\/index.php\/wp-json\/wp\/v2\/posts\/10218\/revisions\/10220"}],"wp:featuredmedia":[{"embeddable":true,"href":"https:\/\/portalr3.online\/index.php\/wp-json\/wp\/v2\/media\/10219"}],"wp:attachment":[{"href":"https:\/\/portalr3.online\/index.php\/wp-json\/wp\/v2\/media?parent=10218"}],"wp:term":[{"taxonomy":"category","embeddable":true,"href":"https:\/\/portalr3.online\/index.php\/wp-json\/wp\/v2\/categories?post=10218"},{"taxonomy":"post_tag","embeddable":true,"href":"https:\/\/portalr3.online\/index.php\/wp-json\/wp\/v2\/tags?post=10218"}],"curies":[{"name":"wp","href":"https:\/\/api.w.org\/{rel}","templated":true}]}}