{"id":10208,"date":"2023-02-02T15:57:01","date_gmt":"2023-02-02T15:57:01","guid":{"rendered":"https:\/\/portalr3.online\/?p=10208"},"modified":"2023-02-02T15:55:25","modified_gmt":"2023-02-02T15:55:25","slug":"gloria-maria-morre-apos-luta-contra-o-cancer","status":"publish","type":"post","link":"https:\/\/portalr3.online\/index.php\/2023\/02\/02\/gloria-maria-morre-apos-luta-contra-o-cancer\/","title":{"rendered":"Gloria Maria morre ap\u00f3s luta contra o c\u00e2ncer"},"content":{"rendered":"\n<h1 class=\"wp-block-heading\">Gloria Maria morre ap\u00f3s luta contra o c\u00e2ncer<\/h1>\n\n\n\n<h2 class=\"wp-block-heading\">A jornalista estava internada desde o dia 4 de janeiro para tratar um tumor metast\u00e1tico no c\u00e9rebro<\/h2>\n\n\n\n<p>Gloria Maria morreu na manh\u00e3 desta quinta-feira (2), no Rio de Janeiro, supostamente aos 73 anos (ela sempre fez mist\u00e9rio quanto a sua verdadeira idade). No dia 4 de janeiro, a apresentadora foi internada no Hospital Copa Star, em Copacabana, no Rio de Janeiro, para tratar um c\u00e2ncer metast\u00e1tico no c\u00e9rebro. A informa\u00e7\u00e3o foi confirmada pela assessoria de imprensa da Rede Globo.<\/p>\n\n\n\n<p>&#8220;A jornalista Gloria Maria morreu essa manh\u00e3 (02\/02). Ela foi marcada como uma das mais talentosas profissionais do jornalismo brasileiro, deixando um legado de realiza\u00e7\u00f5es, exemplos e pioneirismos para a Globo e seus profissionais&#8221;, diz o comunicado.<\/p>\n\n\n\n<h4 class=\"wp-block-heading\">Gloria Maria deixa duas filhas adoleslecentes 14 e 15 anos<\/h4>\n\n\n\n<p>A comunicadora foi diagnosticada a primeira vez com a doen\u00e7a em 2019. Inicialmente, o tumor apareceu no pulm\u00e3o. Gloria foi submetida a uma cirurgia de retirada do c\u00e2ncer, mas continuou com o tratamento de imunoterapia. No ano seguinte, a doen\u00e7a atingiu o c\u00e9rebro da apresentadora.&nbsp;<\/p>\n\n\n\n<p>A jornalista deixa duas filhas adolescentes: Maria, de 15 anos, e Laura, de 14.<\/p>\n\n\n\n<h3 class=\"wp-block-heading\">Relembre a trajet\u00f3ria<\/h3>\n\n\n\n<p>Gloria Maria foi um dos maiores \u00edcones do jornalismo e da televis\u00e3o brasileira. Mulher e negra, quebrou barreiras em uma \u00e9poca em que nem mulheres, nem negros tinham espa\u00e7o na TV.<\/p>\n\n\n\n<p>Filha do alfaiate Cosme Braga da Silva e da dona de casa Edna Alves Matta, Gl\u00f3ria Maria Matta da Silva nasceu no Rio de Janeiro.<\/p>\n\n\n\n<p>Formada em jornalismo pela Pontif\u00edcia Universidade Cat\u00f3lica do Rio de Janeiro (PUC-RJ), a comunicadora contou que chegou a conciliar os estudos com um emprego de telefonista na Embratel.<\/p>\n\n\n\n<p>Nos anos de 1970, a jornalista foi levada por uma amiga \u00e0 Rede Globo para ser r\u00e1dio-escuta e anos depois foi efetivada como rep\u00f3rter. Ela fez parte das equipes do&nbsp;<em>Jornal Nacional<\/em>,&nbsp;<em>Jornal Hoje<\/em>,&nbsp;<em>Bom Dia Rio&nbsp;<\/em>e&nbsp;<em>RJTV<\/em>.<\/p>\n\n\n\n<p>A estreia como rep\u00f3rter foi em 1971, na cobertura do desabamento do elevado Paulo de Frontin, no Rio de Janeiro. Ela tamb\u00e9m foi a primeira rep\u00f3rter a aparecer ao vivo e em cores no&nbsp;<em>Jornal Nacional<\/em>, em 1977.<\/p>\n\n\n\n<p>Ao longo da carreira participou de grandes coberturas jornal\u00edsticas e viagens ao redor do mundo. Sempre curiosa, Gloria Maria muitas vezes era a grande personagem de suas reportagens.<\/p>\n\n\n\n<figure class=\"wp-block-image\"><img decoding=\"async\" src=\"https:\/\/img.r7.com\/images\/gloria-maria-21062020113615105?dimensions=771x420&amp;no_crop=true\" alt=\"\" title=\"\"\/><\/figure>\n\n\n\n<figure class=\"wp-block-image\"><img decoding=\"async\" src=\"https:\/\/img.r7.com\/images\/gloria-maria-27042019153337087?dimensions=771x420&amp;no_crop=true\" alt=\"\" title=\"\"\/><\/figure>\n\n\n\n<figure class=\"wp-block-image\"><img decoding=\"async\" src=\"https:\/\/img.r7.com\/images\/gloria-maria-27042019153337087?dimensions=151x93\" alt=\"\"\/><\/figure>\n\n\n\n<figure class=\"wp-block-image\"><img decoding=\"async\" src=\"https:\/\/img.r7.com\/images\/gloria-maria-02022023094602775?dimensions=151x93\" alt=\"Gloria Maria\"\/><\/figure>\n\n\n\n<figure class=\"wp-block-image\"><img decoding=\"async\" src=\"https:\/\/img.r7.com\/images\/gloria-maria-15082019150507427?dimensions=151x93\" alt=\"Gloria maria\"\/><\/figure>\n\n\n\n<figure class=\"wp-block-image\"><img decoding=\"async\" src=\"https:\/\/img.r7.com\/images\/gloria-maria-em-1993-02022023092048446?dimensions=151x93\" alt=\"Gloria Maria foi a primeira rep\u00f3rter a entrar ao vivo e, em cores, no Jornal Nacional. Foi em uma reportagem em 1977. Ela foi um dos principais rostos do jornalismo da emissora\"\/><\/figure>\n\n\n\n<figure class=\"wp-block-image\"><img decoding=\"async\" src=\"https:\/\/img.r7.com\/images\/2016\/07\/02\/8rlmzw32q4_96am2cwfzv_file?dimensions=151x93\" alt=\"\"\/><\/figure>\n\n\n\n<figure class=\"wp-block-image\"><img decoding=\"async\" src=\"https:\/\/img.r7.com\/images\/gloria-maria-em-reportagem-na-nigeria-na-decada-de-90-02022023092942792?dimensions=151x93\" alt=\"Gloria Maria em reportagem na Nig\u00e9ria na d\u00e9cada de 90\"\/><\/figure>\n\n\n\n<figure class=\"wp-block-image\"><img decoding=\"async\" src=\"https:\/\/img.r7.com\/images\/gloria-maria-02022023101758396?dimensions=151x93\" alt=\"Gloria Maria\"\/><\/figure>\n\n\n\n<figure class=\"wp-block-image\"><img decoding=\"async\" src=\"https:\/\/img.r7.com\/images\/gloria-maria-globojpg-02022023095843518?dimensions=151x93\" alt=\"Gloria Maria em sua casa, no Leblon, no Rio de Janeiro, em 2005\"\/><\/figure>\n\n\n\n<figure class=\"wp-block-image\"><img decoding=\"async\" src=\"https:\/\/img.r7.com\/images\/gloria-maria-e-sandra-annenberg-25112021174705667?dimensions=151x93\" alt=\"O \u00faltimo trabalho de Gloria Maria na TV foi a apresenta\u00e7\u00e3o do Globo Rep\u00f3rter ao lado de Sandra Annemberg\"\/><\/figure>\n\n\n\n<figure class=\"wp-block-image\"><img decoding=\"async\" src=\"https:\/\/img.r7.com\/images\/gloria-maria-02022023094602456?dimensions=151x93\" alt=\"Gloria Maria\"\/><\/figure>\n\n\n\n<figure class=\"wp-block-image\"><img decoding=\"async\" src=\"https:\/\/img.r7.com\/images\/gloria-maria-21062020113615105?dimensions=151x93\" alt=\"\"\/><\/figure>\n","protected":false},"excerpt":{"rendered":"<p>Gloria Maria morre ap\u00f3s luta contra o c\u00e2ncer A jornalista estava internada desde o dia 4 de janeiro para tratar<\/p>\n","protected":false},"author":1,"featured_media":10211,"comment_status":"closed","ping_status":"closed","sticky":true,"template":"","format":"status","meta":{"colormag_page_container_layout":"default_layout","colormag_page_sidebar_layout":"default_layout","footnotes":""},"categories":[107,22,350,743,10,407,718,519],"tags":[1076,1075],"class_list":["post-10208","post","type-post","status-publish","format-status","has-post-thumbnail","hentry","category-brasil","category-cidades","category-destaque","category-mundo","category-noticias","category-rio-de-janeiro","category-super","category-ultimas","tag-jornalismoluto","tag-luto","post_format-post-format-status"],"aioseo_notices":[],"_links":{"self":[{"href":"https:\/\/portalr3.online\/index.php\/wp-json\/wp\/v2\/posts\/10208","targetHints":{"allow":["GET"]}}],"collection":[{"href":"https:\/\/portalr3.online\/index.php\/wp-json\/wp\/v2\/posts"}],"about":[{"href":"https:\/\/portalr3.online\/index.php\/wp-json\/wp\/v2\/types\/post"}],"author":[{"embeddable":true,"href":"https:\/\/portalr3.online\/index.php\/wp-json\/wp\/v2\/users\/1"}],"replies":[{"embeddable":true,"href":"https:\/\/portalr3.online\/index.php\/wp-json\/wp\/v2\/comments?post=10208"}],"version-history":[{"count":2,"href":"https:\/\/portalr3.online\/index.php\/wp-json\/wp\/v2\/posts\/10208\/revisions"}],"predecessor-version":[{"id":10212,"href":"https:\/\/portalr3.online\/index.php\/wp-json\/wp\/v2\/posts\/10208\/revisions\/10212"}],"wp:featuredmedia":[{"embeddable":true,"href":"https:\/\/portalr3.online\/index.php\/wp-json\/wp\/v2\/media\/10211"}],"wp:attachment":[{"href":"https:\/\/portalr3.online\/index.php\/wp-json\/wp\/v2\/media?parent=10208"}],"wp:term":[{"taxonomy":"category","embeddable":true,"href":"https:\/\/portalr3.online\/index.php\/wp-json\/wp\/v2\/categories?post=10208"},{"taxonomy":"post_tag","embeddable":true,"href":"https:\/\/portalr3.online\/index.php\/wp-json\/wp\/v2\/tags?post=10208"}],"curies":[{"name":"wp","href":"https:\/\/api.w.org\/{rel}","templated":true}]}}