{"id":10179,"date":"2022-11-22T13:27:41","date_gmt":"2022-11-22T13:27:41","guid":{"rendered":"https:\/\/portalr3.online\/?p=10179"},"modified":"2022-11-22T13:26:55","modified_gmt":"2022-11-22T13:26:55","slug":"ue-concorda-com-o-compromisso-da-cop-27-para-manter-o-acordo-de-paris","status":"publish","type":"post","link":"https:\/\/portalr3.online\/index.php\/2022\/11\/22\/ue-concorda-com-o-compromisso-da-cop-27-para-manter-o-acordo-de-paris\/","title":{"rendered":"UE concorda com o compromisso da COP-27 para manter o Acordo de Paris"},"content":{"rendered":"\n<h2 class=\"wp-block-heading\">&#8220;Ap\u00f3s uma semana dif\u00edcil de negocia\u00e7\u00f5es, um esfor\u00e7o europeu forte e unido ajudou a garantir um acordo \u00e1rduo para manter vivas as metas do Acordo de Paris&#8221;, diz o texto.<\/h2>\n\n\n\n<p>Em comunicado divulgado nesta segunda-feira, 21, a Comiss\u00e3o Europeia, bra\u00e7o executivo da Uni\u00e3o Europeia (UE), afirma que &#8220;mostrou ambi\u00e7\u00e3o e flexibilidade para manter o objetivo de limitar o aquecimento global a 1,5 graus ao seu alcance&#8221;. &#8220;Ap\u00f3s uma semana dif\u00edcil de negocia\u00e7\u00f5es, um esfor\u00e7o europeu forte e unido ajudou a garantir um acordo \u00e1rduo para manter vivas as metas do Acordo de Paris&#8221;, diz o texto.<\/p>\n\n\n\n<p>&#8220;A constru\u00e7\u00e3o de pontes da UE tamb\u00e9m ajudou a estabelecer novos arranjos de financiamento equilibrados, com uma base de doadores expandida, para ajudar comunidades vulner\u00e1veis a enfrentar perdas e danos causados pelas mudan\u00e7as clim\u00e1ticas&#8221;, destaca o documento. &#8220;As partes concordaram que limitar o aquecimento global a 1,5\u00baC requer redu\u00e7\u00f5es r\u00e1pidas, profundas e sustentadas nas emiss\u00f5es globais de gases de efeito estufa, reduzindo-as em 43% at\u00e9 2030 em rela\u00e7\u00e3o ao n\u00edvel de 2019&#8221;, acrescenta.<\/p>\n\n\n\n<p>Al\u00e9m disso, eles reiteraram o apelo do Pacto Clim\u00e1tico de Glasgow para que as Contribui\u00e7\u00f5es Determinadas Nacionalmente (NDCs) sejam atualizadas conforme necess\u00e1rio para se alinhar com a meta de temperatura do Acordo de Paris, at\u00e9 o final de 2023.<\/p>\n\n\n\n<p>&#8220;Os resultados finais da COP-27 complementam os muitos acordos bilaterais e multilaterais firmados pela Comiss\u00e3o nas \u00faltimas duas semanas&#8221;, destaca.<\/p>\n\n\n\n<p>A presid\u00eancia eg\u00edpcia da COP-27 lan\u00e7ou quatro iniciativas de solu\u00e7\u00f5es clim\u00e1ticas para aprimorar a a\u00e7\u00e3o global e garantir que os pa\u00edses sejam capazes de cumprir suas NDCs e as metas estabelecidas pelo Acordo de Paris.<\/p>\n\n\n\n<p><a href=\"https:\/\/www.noticiasaominuto.com.br\/especiais\/coronavirus\">ACOMPAN<\/a><\/p>\n","protected":false},"excerpt":{"rendered":"<p>&#8220;Ap\u00f3s uma semana dif\u00edcil de negocia\u00e7\u00f5es, um esfor\u00e7o europeu forte e unido ajudou a garantir um acordo \u00e1rduo para manter<\/p>\n","protected":false},"author":1,"featured_media":10180,"comment_status":"closed","ping_status":"closed","sticky":false,"template":"","format":"status","meta":{"colormag_page_container_layout":"default_layout","colormag_page_sidebar_layout":"default_layout","footnotes":""},"categories":[409,17,107,22,350,411,30,4,1045,743,718,519,1],"tags":[1072,1071,1068],"class_list":["post-10179","post","type-post","status-publish","format-status","has-post-thumbnail","hentry","category-amazonia","category-america-do-norte","category-brasil","category-cidades","category-destaque","category-distrito-federal","category-economia-brasil","category-europa","category-meio-ambiente","category-mundo","category-super","category-ultimas","category-uncategorized","tag-1072","tag-acordos","tag-copy27","post_format-post-format-status"],"aioseo_notices":[],"_links":{"self":[{"href":"https:\/\/portalr3.online\/index.php\/wp-json\/wp\/v2\/posts\/10179","targetHints":{"allow":["GET"]}}],"collection":[{"href":"https:\/\/portalr3.online\/index.php\/wp-json\/wp\/v2\/posts"}],"about":[{"href":"https:\/\/portalr3.online\/index.php\/wp-json\/wp\/v2\/types\/post"}],"author":[{"embeddable":true,"href":"https:\/\/portalr3.online\/index.php\/wp-json\/wp\/v2\/users\/1"}],"replies":[{"embeddable":true,"href":"https:\/\/portalr3.online\/index.php\/wp-json\/wp\/v2\/comments?post=10179"}],"version-history":[{"count":1,"href":"https:\/\/portalr3.online\/index.php\/wp-json\/wp\/v2\/posts\/10179\/revisions"}],"predecessor-version":[{"id":10181,"href":"https:\/\/portalr3.online\/index.php\/wp-json\/wp\/v2\/posts\/10179\/revisions\/10181"}],"wp:featuredmedia":[{"embeddable":true,"href":"https:\/\/portalr3.online\/index.php\/wp-json\/wp\/v2\/media\/10180"}],"wp:attachment":[{"href":"https:\/\/portalr3.online\/index.php\/wp-json\/wp\/v2\/media?parent=10179"}],"wp:term":[{"taxonomy":"category","embeddable":true,"href":"https:\/\/portalr3.online\/index.php\/wp-json\/wp\/v2\/categories?post=10179"},{"taxonomy":"post_tag","embeddable":true,"href":"https:\/\/portalr3.online\/index.php\/wp-json\/wp\/v2\/tags?post=10179"}],"curies":[{"name":"wp","href":"https:\/\/api.w.org\/{rel}","templated":true}]}}