{"id":10171,"date":"2022-11-17T12:13:37","date_gmt":"2022-11-17T12:13:37","guid":{"rendered":"https:\/\/portalr3.online\/?p=10171"},"modified":"2022-11-17T12:13:37","modified_gmt":"2022-11-17T12:13:37","slug":"lula-tera-encontros-hoje-com-ministros-da-noruega-e-da-alemanha","status":"publish","type":"post","link":"https:\/\/portalr3.online\/index.php\/2022\/11\/17\/lula-tera-encontros-hoje-com-ministros-da-noruega-e-da-alemanha\/","title":{"rendered":"Lula ter\u00e1 encontros hoje com ministros da Noruega e da Alemanha"},"content":{"rendered":"\n<p>O presidente eleito Luiz In\u00e1cio Lula da Silva (PT) ter\u00e1 reuni\u00f5es bilaterais nesta quinta-feira, 17, com o ministro do Meio Ambiente da Noruega, Jonas Gahr St\u00f8re, e a ministra de Rela\u00e7\u00f5es Exteriores da Alemanha, Annelena Baerbock. Os encontros acontecer\u00e3o separadamente, segundo a assessoria de imprensa de Lula.<\/p>\n\n\n\n<p>A reuni\u00e3o com o ministro noruegu\u00eas ser\u00e1 realizada em um hotel no balne\u00e1rio de Sharm El-Sheik, no Egito, onde ocorre a 27\u00aa Confer\u00eancia sobre Mudan\u00e7as Clim\u00e1ticas das Na\u00e7\u00f5es Unidas (COP-27)<\/p>\n\n\n\n<p>J\u00e1 o encontro com a ministra alem\u00e3 ocorrer\u00e1 em uma sala dentro da COP.<\/p>\n","protected":false},"excerpt":{"rendered":"<p>O presidente eleito Luiz In\u00e1cio Lula da Silva (PT) ter\u00e1 reuni\u00f5es bilaterais nesta quinta-feira, 17, com o ministro do Meio<\/p>\n","protected":false},"author":1,"featured_media":10172,"comment_status":"closed","ping_status":"closed","sticky":true,"template":"","format":"status","meta":{"colormag_page_container_layout":"default_layout","colormag_page_sidebar_layout":"default_layout","footnotes":""},"categories":[107,22,350,26,4,743,10,1043,16,20,718,519],"tags":[1068,1062],"class_list":["post-10171","post","type-post","status-publish","format-status","has-post-thumbnail","hentry","category-brasil","category-cidades","category-destaque","category-eleicoes","category-europa","category-mundo","category-noticias","category-noticias-do-dia","category-politica","category-politica-internacional","category-super","category-ultimas","tag-copy27","tag-eleicoes","post_format-post-format-status"],"aioseo_notices":[],"_links":{"self":[{"href":"https:\/\/portalr3.online\/index.php\/wp-json\/wp\/v2\/posts\/10171","targetHints":{"allow":["GET"]}}],"collection":[{"href":"https:\/\/portalr3.online\/index.php\/wp-json\/wp\/v2\/posts"}],"about":[{"href":"https:\/\/portalr3.online\/index.php\/wp-json\/wp\/v2\/types\/post"}],"author":[{"embeddable":true,"href":"https:\/\/portalr3.online\/index.php\/wp-json\/wp\/v2\/users\/1"}],"replies":[{"embeddable":true,"href":"https:\/\/portalr3.online\/index.php\/wp-json\/wp\/v2\/comments?post=10171"}],"version-history":[{"count":1,"href":"https:\/\/portalr3.online\/index.php\/wp-json\/wp\/v2\/posts\/10171\/revisions"}],"predecessor-version":[{"id":10173,"href":"https:\/\/portalr3.online\/index.php\/wp-json\/wp\/v2\/posts\/10171\/revisions\/10173"}],"wp:featuredmedia":[{"embeddable":true,"href":"https:\/\/portalr3.online\/index.php\/wp-json\/wp\/v2\/media\/10172"}],"wp:attachment":[{"href":"https:\/\/portalr3.online\/index.php\/wp-json\/wp\/v2\/media?parent=10171"}],"wp:term":[{"taxonomy":"category","embeddable":true,"href":"https:\/\/portalr3.online\/index.php\/wp-json\/wp\/v2\/categories?post=10171"},{"taxonomy":"post_tag","embeddable":true,"href":"https:\/\/portalr3.online\/index.php\/wp-json\/wp\/v2\/tags?post=10171"}],"curies":[{"name":"wp","href":"https:\/\/api.w.org\/{rel}","templated":true}]}}