{"id":10156,"date":"2022-11-15T12:55:13","date_gmt":"2022-11-15T12:55:13","guid":{"rendered":"https:\/\/portalr3.online\/?p=10156"},"modified":"2022-11-15T12:55:49","modified_gmt":"2022-11-15T12:55:49","slug":"antes-de-anunciar-o-corte-de-11-mil-funcionarios-nesta-quarta-feira-9-a-meta-passou-por-um-enxugamento-de-escritorios-que-atingiu-o-brasil","status":"publish","type":"post","link":"https:\/\/portalr3.online\/index.php\/2022\/11\/15\/antes-de-anunciar-o-corte-de-11-mil-funcionarios-nesta-quarta-feira-9-a-meta-passou-por-um-enxugamento-de-escritorios-que-atingiu-o-brasil\/","title":{"rendered":"&nbsp;Antes de anunciar o corte de 11 mil funcion\u00e1rios nesta quarta-feira (9), a Meta passou por um enxugamento de escrit\u00f3rios que atingiu o Brasil"},"content":{"rendered":"\n<p>&nbsp;Antes de anunciar o corte de 11 mil funcion\u00e1rios nesta quarta-feira (9), a Meta passou por um enxugamento de escrit\u00f3rios que atingiu o Brasil. O Infinity Tower n\u00e3o vai mais abrigar os funcion\u00e1rios da marca. At\u00e9 a tarde desta quarta, a empresa n\u00e3o divulgou informa\u00e7\u00f5es sobre demiss\u00f5es no Brasil.<\/p>\n\n\n\n<p>O edif\u00edcio em que a Meta fechou seu escrit\u00f3rio fica no Itaim Bibi, zona oeste de S\u00e3o Paulo, e nele operam empresas como Apple e Goldman Sachs.<\/p>\n\n\n\n<p>O escrit\u00f3rio que ficava no pr\u00e9dio deixou de ser o principal da marca no Brasil em janeiro deste ano, quando foi aberto um espa\u00e7o no B32, na Faria Lima, cora\u00e7\u00e3o financeiro da cidade.<\/p>\n\n\n\n<p>Esse novo escrit\u00f3rio n\u00e3o foi atingido pelo enxugamento, assim como o outro espa\u00e7o de trabalho da Meta no Brasil, em Bras\u00edlia.<\/p>\n\n\n\n<p>Segundo a companhia, a medida foi tomada para atender as novas formas de trabalho, como o h\u00edbrido e o remoto, e n\u00e3o houve demiss\u00f5es na \u00e9poca. O home office se tornou regra no setor de tecnologia depois do isolamento social imposto pela pandemia de Covid-19 nos \u00faltimos dois anos.<\/p>\n\n\n\n<p>about:blank<\/p>\n\n\n\n<p>\u201cPara apoiar essa evolu\u00e7\u00e3o, anunciamos em outubro que estamos implementando o compartilhamento de mesas de trabalho\u201d, afirmou a Meta por meio de nota. \u201cE para manter uma utiliza\u00e7\u00e3o eficiente dos espa\u00e7os, desde outubro tamb\u00e9m estamos otimizando a ocupa\u00e7\u00e3o de nossos escrit\u00f3rios em alguns locais, incluindo S\u00e3o Paulo.\u201d<\/p>\n\n\n\n<p>A empresa afirma que o enxugamento n\u00e3o tem rela\u00e7\u00e3o com a demiss\u00e3o em massa anunciada nesta quarta.<\/p>\n\n\n\n<p>Na esteira de outras big techs que anunciaram desligamentos no \u00faltimo m\u00eas, como o Twitter e a Microsoft, a Meta vai demitir 13% de sua equipe, o que corresponde a 11 mil funcion\u00e1rios.<\/p>\n\n\n\n<p>A demiss\u00e3o em massa foi a primeira em 18 anos de exist\u00eancia da empresa, e \u00e9 uma das maiores de tecnologia deste ano. A controladora de plataformas como Facebook, Instagram e WhatsApp luta contra custos crescentes e um mercado de publicidade fraco.<\/p>\n\n\n\n<p>A explos\u00e3o do uso de tecnologia durante a pandemia, aliada aos juros baixos dos bancos centrais de todo o mundo, impulsionou os investimentos em empresas de tecnologia nos \u00faltimos anos. Atualmente, diversas empresas do setor cortam custos diante de infla\u00e7\u00e3o alta e taxas de juros em r\u00e1pido crescimento.<\/p>\n\n\n\n<p><\/p>\n","protected":false},"excerpt":{"rendered":"<p>&nbsp;Antes de anunciar o corte de 11 mil funcion\u00e1rios nesta quarta-feira (9), a Meta passou por um enxugamento de escrit\u00f3rios<\/p>\n","protected":false},"author":1,"featured_media":10157,"comment_status":"closed","ping_status":"closed","sticky":true,"template":"","format":"status","meta":{"colormag_page_container_layout":"default_layout","colormag_page_sidebar_layout":"default_layout","footnotes":""},"categories":[107,22,11,30,4,743,10,718,19],"tags":[1064,1065],"class_list":["post-10156","post","type-post","status-publish","format-status","has-post-thumbnail","hentry","category-brasil","category-cidades","category-economia","category-economia-brasil","category-europa","category-mundo","category-noticias","category-super","category-tecnologia","tag-crise","tag-facebook","post_format-post-format-status"],"aioseo_notices":[],"_links":{"self":[{"href":"https:\/\/portalr3.online\/index.php\/wp-json\/wp\/v2\/posts\/10156","targetHints":{"allow":["GET"]}}],"collection":[{"href":"https:\/\/portalr3.online\/index.php\/wp-json\/wp\/v2\/posts"}],"about":[{"href":"https:\/\/portalr3.online\/index.php\/wp-json\/wp\/v2\/types\/post"}],"author":[{"embeddable":true,"href":"https:\/\/portalr3.online\/index.php\/wp-json\/wp\/v2\/users\/1"}],"replies":[{"embeddable":true,"href":"https:\/\/portalr3.online\/index.php\/wp-json\/wp\/v2\/comments?post=10156"}],"version-history":[{"count":2,"href":"https:\/\/portalr3.online\/index.php\/wp-json\/wp\/v2\/posts\/10156\/revisions"}],"predecessor-version":[{"id":10159,"href":"https:\/\/portalr3.online\/index.php\/wp-json\/wp\/v2\/posts\/10156\/revisions\/10159"}],"wp:featuredmedia":[{"embeddable":true,"href":"https:\/\/portalr3.online\/index.php\/wp-json\/wp\/v2\/media\/10157"}],"wp:attachment":[{"href":"https:\/\/portalr3.online\/index.php\/wp-json\/wp\/v2\/media?parent=10156"}],"wp:term":[{"taxonomy":"category","embeddable":true,"href":"https:\/\/portalr3.online\/index.php\/wp-json\/wp\/v2\/categories?post=10156"},{"taxonomy":"post_tag","embeddable":true,"href":"https:\/\/portalr3.online\/index.php\/wp-json\/wp\/v2\/tags?post=10156"}],"curies":[{"name":"wp","href":"https:\/\/api.w.org\/{rel}","templated":true}]}}