{"id":10152,"date":"2022-11-15T02:20:34","date_gmt":"2022-11-15T02:20:34","guid":{"rendered":"https:\/\/portalr3.online\/?p=10152"},"modified":"2022-11-15T02:20:35","modified_gmt":"2022-11-15T02:20:35","slug":"comecou-oficialmente-treino-selecao-brasileira-no-catar","status":"publish","type":"post","link":"https:\/\/portalr3.online\/index.php\/2022\/11\/15\/comecou-oficialmente-treino-selecao-brasileira-no-catar\/","title":{"rendered":"Come\u00e7ou oficialmente treino sele\u00e7ao Brasileira no Catar&#8230;"},"content":{"rendered":"\n<p>Come\u00e7ou oficialmente a prepara\u00e7\u00e3o da sele\u00e7\u00e3o brasileira para a Copa do Mundo do Catar. O per\u00edodo de treinos em Turim, na It\u00e1lia, foi aberto na tarde desta segunda-feira, com uma atividade r\u00e1pida no CT da Juventus ainda sem todos os atletas \u00e0 disposi\u00e7\u00e3o.<br>O zagueiro Marquinhos e o atacante Neymar tiveram um problema em voo fretado de Paris para Turim e se apresentaram com atraso. Por isso, a dupla do Paris Saint-Germain perdeu o primeiro treino em solo italiano. Eles chegaram ao CT da Juventus quando a atividade j\u00e1 havia come\u00e7ado.<\/p>\n\n\n\n<p>Por outro lado, Antony se recuperou de les\u00e3o que o tirou dos \u00faltimos cinco jogos do Manchester United e foi a campo. Com a chegada de Marquinhos e Neymar, o t\u00e9cnico Tite tem todos os 26 atletas convocados \u00e0 sua disposi\u00e7\u00e3o. Mas somente 14 jogadores participaram da atividade em campo nesta segunda-feira.<\/p>\n\n\n\n<p>Al\u00e9m dos tr\u00eas goleiros &#8211; Alisson, Ederson e Weverton -, estiveram no gramado: Alex Sandro, Alex Telles, Antony, Daniel Alves, \u00c9der Milit\u00e3o, Everton Ribeiro, Fred, Pedro, Raphinha, Rodrygo e Vinicius Junior.<\/p>\n\n\n\n<p>Os outros 12 jogadores fizeram exerc\u00edcios na parte interna do CT, como parte do trabalho regenerativo, porque haviam atuado no fim de semana pelos seus clubes. O trabalho teve belos gols de Raphinha e Vinicius Junior e foi encerrado depois de pouco mais de uma hora e meia de dura\u00e7\u00e3o.<\/p>\n\n\n\n<p>O Brasil faz mais oito treinamentos em Turim at\u00e9 s\u00e1bado, dia 19, quando embarcar\u00e1 para Doha, capital do Catar, onde ser\u00e1 a \u00faltima delega\u00e7\u00e3o a chegar ao pa\u00eds-sede do Mundial. A estreia contra a S\u00e9rvia est\u00e1 marcada para o dia 24, \u00e0s 16h (de Bras\u00edlia), 22h no hor\u00e1rio local. A sele\u00e7\u00e3o integra o Grupo G, que tamb\u00e9m conta com Camar\u00f5es e Su\u00ed\u00e7a. A Copa tem in\u00edcio no dia 20, pr\u00f3ximo domingo.<\/p>\n","protected":false},"excerpt":{"rendered":"<p>Come\u00e7ou oficialmente a prepara\u00e7\u00e3o da sele\u00e7\u00e3o brasileira para a Copa do Mundo do Catar. O per\u00edodo de treinos em Turim,<\/p>\n","protected":false},"author":1,"featured_media":10153,"comment_status":"closed","ping_status":"closed","sticky":true,"template":"","format":"status","meta":{"colormag_page_container_layout":"default_layout","colormag_page_sidebar_layout":"default_layout","footnotes":""},"categories":[107,22,350,31,4,743,10,1043,407,410,718],"tags":[1063],"class_list":["post-10152","post","type-post","status-publish","format-status","has-post-thumbnail","hentry","category-brasil","category-cidades","category-destaque","category-esporte","category-europa","category-mundo","category-noticias","category-noticias-do-dia","category-rio-de-janeiro","category-sao-paulo","category-super","tag-selecaobrasileira","post_format-post-format-status"],"aioseo_notices":[],"_links":{"self":[{"href":"https:\/\/portalr3.online\/index.php\/wp-json\/wp\/v2\/posts\/10152","targetHints":{"allow":["GET"]}}],"collection":[{"href":"https:\/\/portalr3.online\/index.php\/wp-json\/wp\/v2\/posts"}],"about":[{"href":"https:\/\/portalr3.online\/index.php\/wp-json\/wp\/v2\/types\/post"}],"author":[{"embeddable":true,"href":"https:\/\/portalr3.online\/index.php\/wp-json\/wp\/v2\/users\/1"}],"replies":[{"embeddable":true,"href":"https:\/\/portalr3.online\/index.php\/wp-json\/wp\/v2\/comments?post=10152"}],"version-history":[{"count":1,"href":"https:\/\/portalr3.online\/index.php\/wp-json\/wp\/v2\/posts\/10152\/revisions"}],"predecessor-version":[{"id":10154,"href":"https:\/\/portalr3.online\/index.php\/wp-json\/wp\/v2\/posts\/10152\/revisions\/10154"}],"wp:featuredmedia":[{"embeddable":true,"href":"https:\/\/portalr3.online\/index.php\/wp-json\/wp\/v2\/media\/10153"}],"wp:attachment":[{"href":"https:\/\/portalr3.online\/index.php\/wp-json\/wp\/v2\/media?parent=10152"}],"wp:term":[{"taxonomy":"category","embeddable":true,"href":"https:\/\/portalr3.online\/index.php\/wp-json\/wp\/v2\/categories?post=10152"},{"taxonomy":"post_tag","embeddable":true,"href":"https:\/\/portalr3.online\/index.php\/wp-json\/wp\/v2\/tags?post=10152"}],"curies":[{"name":"wp","href":"https:\/\/api.w.org\/{rel}","templated":true}]}}