{"id":10065,"date":"2022-08-17T03:45:44","date_gmt":"2022-08-17T03:45:44","guid":{"rendered":"https:\/\/portalr3.online\/?p=10065"},"modified":"2022-08-17T03:45:45","modified_gmt":"2022-08-17T03:45:45","slug":"praia-rochosa-aparece-em-lago-por-causa-da-seca-intensa-na-italia","status":"publish","type":"post","link":"https:\/\/portalr3.online\/index.php\/2022\/08\/17\/praia-rochosa-aparece-em-lago-por-causa-da-seca-intensa-na-italia\/","title":{"rendered":"Praia rochosa aparece em lago por causa da seca intensa na It\u00e1lia"},"content":{"rendered":"\n<p>Imagens de drone mostram o fundo rochoso do lago Garda, um importante destino tur\u00edstico do pa\u00eds.<\/p>\n\n\n\n<p>Imagens feitas por drone nesta ter\u00e7a-feira (16) mostram o fundo rochoso do lago Garda, na\u00a0It\u00e1lia, em um resort tur\u00edstico pr\u00f3ximo \u00e0s margens norte do lago.<\/p>\n\n\n\n<p>O lago Garda, o maior da It\u00e1lia \u00e9 um importante destino tur\u00edstico, bem como muitos lagos e rios no norte da It\u00e1lia. Eles sofrem com a seca severa que atinge a Europa.<\/p>\n\n\n\n<blockquote class=\"wp-block-quote is-layout-flow wp-block-quote-is-layout-flow\"><p>\u201cH\u00e1 muito menos \u00e1gua, ent\u00e3o voc\u00ea pode ver as pedras. No passado, \u00e0s vezes a \u00e1gua praticamente submergia todas as pedras&#8221;, disse a turista Barbara Bazzoli.<\/p><\/blockquote>\n\n\n\n<p>\u201cH\u00e1 entre 20 a 25 metros de pedras descobertas e isso \u00e9 uma coisa sensacional. Isso n\u00e3o acontece h\u00e1 anos, pelo menos eu, nos anos em que estive aqui, nunca vi um espet\u00e1culo assim&#8221;, acrescentou.<\/p>\n\n\n\n<p>O leito de rochas, semelhante a uma praia, surgiu devido \u00e0 falta de chuvas e ao constante uso de \u00e1gua para irrigar campos agr\u00edcolas durante o ver\u00e3o.<\/p>\n\n\n\n<p>\u201cEstou preocupada porque acho que levar\u00e1 pelo menos alguns anos para voltar ao normal depois da situa\u00e7\u00e3o deste ano. Na minha opini\u00e3o, teria que chover muito por alguns anos para resolver a situa\u00e7\u00e3o&#8221;, acrescentou Bazzoli.<\/p>\n\n\n\n<p>A It\u00e1lia declarou estado de emerg\u00eancia em julho para \u00e1reas ao redor do Po, que \u00e9 o rio mais longo do pa\u00eds. O rio Po \u00e9 respons\u00e1vel por cerca de um ter\u00e7o da produ\u00e7\u00e3o agr\u00edcola italiana e est\u00e1 sofrendo sua pior seca em 70 anos.<\/p>\n","protected":false},"excerpt":{"rendered":"<p>Imagens de drone mostram o fundo rochoso do lago Garda, um importante destino tur\u00edstico do pa\u00eds. Imagens feitas por drone<\/p>\n","protected":false},"author":1,"featured_media":10067,"comment_status":"open","ping_status":"open","sticky":false,"template":"","format":"standard","meta":{"colormag_page_container_layout":"default_layout","colormag_page_sidebar_layout":"default_layout","footnotes":""},"categories":[743],"tags":[],"class_list":["post-10065","post","type-post","status-publish","format-standard","has-post-thumbnail","hentry","category-mundo"],"aioseo_notices":[],"_links":{"self":[{"href":"https:\/\/portalr3.online\/index.php\/wp-json\/wp\/v2\/posts\/10065","targetHints":{"allow":["GET"]}}],"collection":[{"href":"https:\/\/portalr3.online\/index.php\/wp-json\/wp\/v2\/posts"}],"about":[{"href":"https:\/\/portalr3.online\/index.php\/wp-json\/wp\/v2\/types\/post"}],"author":[{"embeddable":true,"href":"https:\/\/portalr3.online\/index.php\/wp-json\/wp\/v2\/users\/1"}],"replies":[{"embeddable":true,"href":"https:\/\/portalr3.online\/index.php\/wp-json\/wp\/v2\/comments?post=10065"}],"version-history":[{"count":1,"href":"https:\/\/portalr3.online\/index.php\/wp-json\/wp\/v2\/posts\/10065\/revisions"}],"predecessor-version":[{"id":10068,"href":"https:\/\/portalr3.online\/index.php\/wp-json\/wp\/v2\/posts\/10065\/revisions\/10068"}],"wp:featuredmedia":[{"embeddable":true,"href":"https:\/\/portalr3.online\/index.php\/wp-json\/wp\/v2\/media\/10067"}],"wp:attachment":[{"href":"https:\/\/portalr3.online\/index.php\/wp-json\/wp\/v2\/media?parent=10065"}],"wp:term":[{"taxonomy":"category","embeddable":true,"href":"https:\/\/portalr3.online\/index.php\/wp-json\/wp\/v2\/categories?post=10065"},{"taxonomy":"post_tag","embeddable":true,"href":"https:\/\/portalr3.online\/index.php\/wp-json\/wp\/v2\/tags?post=10065"}],"curies":[{"name":"wp","href":"https:\/\/api.w.org\/{rel}","templated":true}]}}