{"id":10027,"date":"2021-07-15T15:25:32","date_gmt":"2021-07-15T18:25:32","guid":{"rendered":"https:\/\/portalnarede.com.br\/?p=10027"},"modified":"2021-07-15T15:25:32","modified_gmt":"2021-07-15T18:25:32","slug":"pao-de-acucar-celular-explode-provoca-incendio-e-deixa-duas-criancas-feridas","status":"publish","type":"post","link":"https:\/\/portalr3.online\/index.php\/2021\/07\/15\/pao-de-acucar-celular-explode-provoca-incendio-e-deixa-duas-criancas-feridas\/","title":{"rendered":"P\u00e3o de A\u00e7\u00facar: Celular explode, provoca inc\u00eandio e deixa duas crian\u00e7as feridas"},"content":{"rendered":"\n<p><em>*Estagi\u00e1rio sob supervis\u00e3o<br>*Com informa\u00e7\u00f5es: assessoria <\/em><\/p>\n\n\n\n<p>Duas crian\u00e7as ficaram feridas ap\u00f3s um celular explodir no munic\u00edpio de P\u00e3o de A\u00e7\u00facar, Sert\u00e3o alagoano.<\/p>\n\n\n\n<p>As crian\u00e7as, uma menina de 10 anos e o irm\u00e3o de 2, deram entrada no Hospital de Emerg\u00eancia do Agreste (HEA), em Arapiraca, na manh\u00e3 desta quinta-feira (15).<\/p>\n\n\n\n<p>De acordo com a assessoria do HEA, G.S.J, de 10 anos, est\u00e1 no centro cir\u00fargico. G.P.S est\u00e1 est\u00e1vel com ferimentos leves.<\/p>\n\n\n\n<p>A fam\u00edlia informou que o celular estava na tomada, dentro do quarto, quando explodiu com as duas crian\u00e7as dormindo.<\/p>\n\n\n\n<p>A explos\u00e3o provocou inc\u00eandio nos m\u00f3veis e queimou as duas crian\u00e7as. Uma pessoa da fam\u00edlia conseguiu retirar as duas do quarto e pedir socorro.<\/p>\n","protected":false},"excerpt":{"rendered":"<p>*Estagi\u00e1rio sob supervis\u00e3o*Com informa\u00e7\u00f5es: assessoria Duas crian\u00e7as ficaram feridas ap\u00f3s um celular explodir no munic\u00edpio de P\u00e3o de A\u00e7\u00facar, Sert\u00e3o<\/p>\n","protected":false},"author":1,"featured_media":10028,"comment_status":"open","ping_status":"open","sticky":false,"template":"","format":"standard","meta":{"colormag_page_container_layout":"default_layout","colormag_page_sidebar_layout":"default_layout","footnotes":""},"categories":[350],"tags":[189,1040],"class_list":["post-10027","post","type-post","status-publish","format-standard","has-post-thumbnail","hentry","category-destaque","tag-incendio","tag-pao-de-acucar"],"aioseo_notices":[],"_links":{"self":[{"href":"https:\/\/portalr3.online\/index.php\/wp-json\/wp\/v2\/posts\/10027","targetHints":{"allow":["GET"]}}],"collection":[{"href":"https:\/\/portalr3.online\/index.php\/wp-json\/wp\/v2\/posts"}],"about":[{"href":"https:\/\/portalr3.online\/index.php\/wp-json\/wp\/v2\/types\/post"}],"author":[{"embeddable":true,"href":"https:\/\/portalr3.online\/index.php\/wp-json\/wp\/v2\/users\/1"}],"replies":[{"embeddable":true,"href":"https:\/\/portalr3.online\/index.php\/wp-json\/wp\/v2\/comments?post=10027"}],"version-history":[{"count":0,"href":"https:\/\/portalr3.online\/index.php\/wp-json\/wp\/v2\/posts\/10027\/revisions"}],"wp:featuredmedia":[{"embeddable":true,"href":"https:\/\/portalr3.online\/index.php\/wp-json\/wp\/v2\/media\/10028"}],"wp:attachment":[{"href":"https:\/\/portalr3.online\/index.php\/wp-json\/wp\/v2\/media?parent=10027"}],"wp:term":[{"taxonomy":"category","embeddable":true,"href":"https:\/\/portalr3.online\/index.php\/wp-json\/wp\/v2\/categories?post=10027"},{"taxonomy":"post_tag","embeddable":true,"href":"https:\/\/portalr3.online\/index.php\/wp-json\/wp\/v2\/tags?post=10027"}],"curies":[{"name":"wp","href":"https:\/\/api.w.org\/{rel}","templated":true}]}}