{"id":10024,"date":"2021-07-15T14:17:44","date_gmt":"2021-07-15T17:17:44","guid":{"rendered":"https:\/\/portalnarede.com.br\/?p=10024"},"modified":"2021-07-15T14:17:44","modified_gmt":"2021-07-15T17:17:44","slug":"sao-luiz-do-quitunde-operacao-da-policia-civil-prende-suspeitos-de-triplo-homicidio","status":"publish","type":"post","link":"https:\/\/portalr3.online\/index.php\/2021\/07\/15\/sao-luiz-do-quitunde-operacao-da-policia-civil-prende-suspeitos-de-triplo-homicidio\/","title":{"rendered":"S\u00e3o Luiz do Quitunde: Opera\u00e7\u00e3o da Pol\u00edcia Civil prende suspeitos de triplo homic\u00eddio"},"content":{"rendered":"\n<p><em>*Estagi\u00e1rio sob supervis\u00e3o<br>*Com informa\u00e7\u00f5es: assessoria<\/em> <\/p>\n\n\n\n<p>Uma opera\u00e7\u00e3o integrada foi deflagrada na manh\u00e3 desta quinta-feira (15), no munic\u00edpio de S\u00e3o Luiz do Quitunde, visando prender suspeitos de terem participado de um triplo homic\u00eddio, ocorrido no munic\u00edpio em junho de 2021.<\/p>\n\n\n\n<p>A a\u00e7\u00e3o foi coordenada pelo delegado Guilherme Sillero, diretor de Pol\u00edcia da Regi\u00e3o 2, respons\u00e1vel pela investiga\u00e7\u00e3o e representa\u00e7\u00e3o dos pedidos de pris\u00e3o dos envolvidos junto ao Poder Judici\u00e1rio.<\/p>\n\n\n\n<p>Tr\u00eas pessoas foram presas em cumprimento aos mandados expedidos pela Vara do \u00danico Of\u00edcio de S\u00e3o Luiz do Quitunde. Uma quarta pessoa foi presa no munic\u00edpio de Porto de Pedras, onde est\u00e1 sendo autuada em flagrante, porque estava com um revolver e drogas no interior da casa onde se encontrava um dos envolvidos no triplo homic\u00eddio.<\/p>\n\n\n\n<p>Foram apreendidas uma espingarda calibre 12, uma pistola, um revolver calibre 38, muni\u00e7\u00f5es e drogas.&nbsp;<\/p>\n\n\n\n<p>Policiais civis do GPJ2, 8\u00aa Delegacia Regional de Matriz do Camaragibe, 93\u00ba Distrito Policial de S\u00e3o Luis, Asfixia, T\u00e1tico Integrado de Grupamentos de Resgates Especiais (Tigre) e militares do 6\u00ba Batalh\u00e3o tamb\u00e9m participaram da opera\u00e7\u00e3o.<\/p>\n","protected":false},"excerpt":{"rendered":"<p>*Estagi\u00e1rio sob supervis\u00e3o*Com informa\u00e7\u00f5es: assessoria Uma opera\u00e7\u00e3o integrada foi deflagrada na manh\u00e3 desta quinta-feira (15), no munic\u00edpio de S\u00e3o Luiz<\/p>\n","protected":false},"author":1,"featured_media":10025,"comment_status":"open","ping_status":"open","sticky":false,"template":"","format":"standard","meta":{"colormag_page_container_layout":"default_layout","colormag_page_sidebar_layout":"default_layout","footnotes":""},"categories":[519],"tags":[1023,1039],"class_list":["post-10024","post","type-post","status-publish","format-standard","has-post-thumbnail","hentry","category-ultimas","tag-homicidios","tag-sao-luiz-do-quitunde"],"aioseo_notices":[],"_links":{"self":[{"href":"https:\/\/portalr3.online\/index.php\/wp-json\/wp\/v2\/posts\/10024","targetHints":{"allow":["GET"]}}],"collection":[{"href":"https:\/\/portalr3.online\/index.php\/wp-json\/wp\/v2\/posts"}],"about":[{"href":"https:\/\/portalr3.online\/index.php\/wp-json\/wp\/v2\/types\/post"}],"author":[{"embeddable":true,"href":"https:\/\/portalr3.online\/index.php\/wp-json\/wp\/v2\/users\/1"}],"replies":[{"embeddable":true,"href":"https:\/\/portalr3.online\/index.php\/wp-json\/wp\/v2\/comments?post=10024"}],"version-history":[{"count":0,"href":"https:\/\/portalr3.online\/index.php\/wp-json\/wp\/v2\/posts\/10024\/revisions"}],"wp:featuredmedia":[{"embeddable":true,"href":"https:\/\/portalr3.online\/index.php\/wp-json\/wp\/v2\/media\/10025"}],"wp:attachment":[{"href":"https:\/\/portalr3.online\/index.php\/wp-json\/wp\/v2\/media?parent=10024"}],"wp:term":[{"taxonomy":"category","embeddable":true,"href":"https:\/\/portalr3.online\/index.php\/wp-json\/wp\/v2\/categories?post=10024"},{"taxonomy":"post_tag","embeddable":true,"href":"https:\/\/portalr3.online\/index.php\/wp-json\/wp\/v2\/tags?post=10024"}],"curies":[{"name":"wp","href":"https:\/\/api.w.org\/{rel}","templated":true}]}}