{"id":10020,"date":"2021-07-15T12:08:13","date_gmt":"2021-07-15T15:08:13","guid":{"rendered":"https:\/\/portalnarede.com.br\/?p=10020"},"modified":"2021-07-15T12:08:13","modified_gmt":"2021-07-15T15:08:13","slug":"sao-miguel-dos-campos-prf-prende-homem-por-crime-ambiental-e-apreende-19-passaros-silvestres-na-br-101","status":"publish","type":"post","link":"https:\/\/portalr3.online\/index.php\/2021\/07\/15\/sao-miguel-dos-campos-prf-prende-homem-por-crime-ambiental-e-apreende-19-passaros-silvestres-na-br-101\/","title":{"rendered":"S\u00e3o Miguel dos Campos: PRF prende homem por crime ambiental e apreende 19 p\u00e1ssaros silvestres na BR-101"},"content":{"rendered":"\n<p><em>Imagem: PRF<\/em><\/p>\n\n\n\n<p><em>*Estagi\u00e1rio sob supervis\u00e3o<\/em><\/p>\n\n\n\n<p>A Pol\u00edcia Rodovi\u00e1ria Federal prendeu, nessa quarta-feira (14), um homem por crime ambiental, em trecho da BR-101. Segundo os federais, ele transportava 19 p\u00e1ssaros silvestres de forma irregular. A abordagem ocorreu no KM 139, em S\u00e3o Miguel dos Campos, Alagoas.<\/p>\n\n\n\n<p>O homem, que conduzia um Polo Sedan, de cor prata, foi conduzido pelos agentes \u00e0 delegacia, onde foi lavrado um TCO. Ele chegou a apresentar uma documenta\u00e7\u00e3o, mas estava irregular.<\/p>\n\n\n\n<p>Os agentes da PRF constataram o crime, \u00e0s 11h30, durante fiscaliza\u00e7\u00e3o na BR-101. Os federais contaram com o apoio do IBAMA na a\u00e7\u00e3o.<\/p>\n\n\n\n<p>Todas \u00e0s aves foram apreendidas pelos policias.<\/p>\n","protected":false},"excerpt":{"rendered":"<p>Imagem: PRF *Estagi\u00e1rio sob supervis\u00e3o A Pol\u00edcia Rodovi\u00e1ria Federal prendeu, nessa quarta-feira (14), um homem por crime ambiental, em trecho<\/p>\n","protected":false},"author":1,"featured_media":10022,"comment_status":"open","ping_status":"open","sticky":false,"template":"","format":"standard","meta":{"colormag_page_container_layout":"default_layout","colormag_page_sidebar_layout":"default_layout","footnotes":""},"categories":[350],"tags":[161,1038,657],"class_list":["post-10020","post","type-post","status-publish","format-standard","has-post-thumbnail","hentry","category-destaque","tag-br-101","tag-passaros","tag-sao-miguel-dos-campos"],"aioseo_notices":[],"_links":{"self":[{"href":"https:\/\/portalr3.online\/index.php\/wp-json\/wp\/v2\/posts\/10020","targetHints":{"allow":["GET"]}}],"collection":[{"href":"https:\/\/portalr3.online\/index.php\/wp-json\/wp\/v2\/posts"}],"about":[{"href":"https:\/\/portalr3.online\/index.php\/wp-json\/wp\/v2\/types\/post"}],"author":[{"embeddable":true,"href":"https:\/\/portalr3.online\/index.php\/wp-json\/wp\/v2\/users\/1"}],"replies":[{"embeddable":true,"href":"https:\/\/portalr3.online\/index.php\/wp-json\/wp\/v2\/comments?post=10020"}],"version-history":[{"count":0,"href":"https:\/\/portalr3.online\/index.php\/wp-json\/wp\/v2\/posts\/10020\/revisions"}],"wp:featuredmedia":[{"embeddable":true,"href":"https:\/\/portalr3.online\/index.php\/wp-json\/wp\/v2\/media\/10022"}],"wp:attachment":[{"href":"https:\/\/portalr3.online\/index.php\/wp-json\/wp\/v2\/media?parent=10020"}],"wp:term":[{"taxonomy":"category","embeddable":true,"href":"https:\/\/portalr3.online\/index.php\/wp-json\/wp\/v2\/categories?post=10020"},{"taxonomy":"post_tag","embeddable":true,"href":"https:\/\/portalr3.online\/index.php\/wp-json\/wp\/v2\/tags?post=10020"}],"curies":[{"name":"wp","href":"https:\/\/api.w.org\/{rel}","templated":true}]}}