{"id":10017,"date":"2021-07-15T11:42:48","date_gmt":"2021-07-15T14:42:48","guid":{"rendered":"https:\/\/portalnarede.com.br\/?p=10017"},"modified":"2021-07-15T11:42:48","modified_gmt":"2021-07-15T14:42:48","slug":"caminhao-da-prefeitura-de-maceio-perde-freio-e-bate-em-muro-da-catedral-metropolitana-no-centro-da-cidade","status":"publish","type":"post","link":"https:\/\/portalr3.online\/index.php\/2021\/07\/15\/caminhao-da-prefeitura-de-maceio-perde-freio-e-bate-em-muro-da-catedral-metropolitana-no-centro-da-cidade\/","title":{"rendered":"Caminh\u00e3o da Prefeitura de Macei\u00f3 perde freio e bate em muro da Catedral Metropolitana no centro da cidade"},"content":{"rendered":"\n<p><em>Imagem: Cortesia\/Roberto Lopes<\/em><\/p>\n\n\n\n<p><em>*Estagi\u00e1rio sob supervis\u00e3o<\/em><\/p>\n\n\n\n<p>Um caminh\u00e3o da Prefeitura de Macei\u00f3 perdeu o freio e bateu, na manh\u00e3 desta quinta-feira (15), contra um muro da Catedral Metropolitana. Apesar do susto e do tr\u00e2nsito causado no centro da cidade, ningu\u00e9m ficou ferido.<\/p>\n\n\n\n<p>Segundo informa\u00e7\u00f5es, o caminh\u00e3o-ba\u00fa, Volkswagen, de cor cinza, perdeu o freio e, al\u00e9m de colidir contra o muro da Catedral, bateu em outro ve\u00edculo da prefeitura, que estava na via.<\/p>\n\n\n\n<p>Com o acidente, \u00e0s 8h desta manh\u00e3, a via ficou congestionada. E, uma equipe Superintend\u00eancia Municipal de Transportes e Tr\u00e2nsito (SMTT) esteve no local e organizou o fluxo.<\/p>\n","protected":false},"excerpt":{"rendered":"<p>Imagem: Cortesia\/Roberto Lopes *Estagi\u00e1rio sob supervis\u00e3o Um caminh\u00e3o da Prefeitura de Macei\u00f3 perdeu o freio e bateu, na manh\u00e3 desta<\/p>\n","protected":false},"author":1,"featured_media":10018,"comment_status":"open","ping_status":"open","sticky":false,"template":"","format":"standard","meta":{"colormag_page_container_layout":"default_layout","colormag_page_sidebar_layout":"default_layout","footnotes":""},"categories":[350],"tags":[53,1036,1037],"class_list":["post-10017","post","type-post","status-publish","format-standard","has-post-thumbnail","hentry","category-destaque","tag-acidente","tag-catedral-metropolitana","tag-prefeitura-de-maceio-2"],"aioseo_notices":[],"_links":{"self":[{"href":"https:\/\/portalr3.online\/index.php\/wp-json\/wp\/v2\/posts\/10017","targetHints":{"allow":["GET"]}}],"collection":[{"href":"https:\/\/portalr3.online\/index.php\/wp-json\/wp\/v2\/posts"}],"about":[{"href":"https:\/\/portalr3.online\/index.php\/wp-json\/wp\/v2\/types\/post"}],"author":[{"embeddable":true,"href":"https:\/\/portalr3.online\/index.php\/wp-json\/wp\/v2\/users\/1"}],"replies":[{"embeddable":true,"href":"https:\/\/portalr3.online\/index.php\/wp-json\/wp\/v2\/comments?post=10017"}],"version-history":[{"count":0,"href":"https:\/\/portalr3.online\/index.php\/wp-json\/wp\/v2\/posts\/10017\/revisions"}],"wp:featuredmedia":[{"embeddable":true,"href":"https:\/\/portalr3.online\/index.php\/wp-json\/wp\/v2\/media\/10018"}],"wp:attachment":[{"href":"https:\/\/portalr3.online\/index.php\/wp-json\/wp\/v2\/media?parent=10017"}],"wp:term":[{"taxonomy":"category","embeddable":true,"href":"https:\/\/portalr3.online\/index.php\/wp-json\/wp\/v2\/categories?post=10017"},{"taxonomy":"post_tag","embeddable":true,"href":"https:\/\/portalr3.online\/index.php\/wp-json\/wp\/v2\/tags?post=10017"}],"curies":[{"name":"wp","href":"https:\/\/api.w.org\/{rel}","templated":true}]}}