{"id":10013,"date":"2021-07-15T11:12:01","date_gmt":"2021-07-15T14:12:01","guid":{"rendered":"https:\/\/portalnarede.com.br\/?p=10013"},"modified":"2021-07-15T11:12:01","modified_gmt":"2021-07-15T14:12:01","slug":"sao-jose-da-laje-motociclista-e-preso-pela-pr-na-br-104-veiculo-estava-com-o-chassi-adulterado","status":"publish","type":"post","link":"https:\/\/portalr3.online\/index.php\/2021\/07\/15\/sao-jose-da-laje-motociclista-e-preso-pela-pr-na-br-104-veiculo-estava-com-o-chassi-adulterado\/","title":{"rendered":"S\u00e3o Jos\u00e9 da Laje: Motociclista \u00e9 preso pela PR na BR-104; ve\u00edculo estava com o chassi adulterado"},"content":{"rendered":"\n<p><em>Imagem: PRF<\/em><\/p>\n\n\n\n<p><em>*Estagi\u00e1rio sob supervis\u00e3o<\/em><\/p>\n\n\n\n<p>A Pol\u00edcia Rodovi\u00e1ria federal prendeu, na manh\u00e3 dessa quarta-feira (14), um motociclista, em um trecho da BR-104. Segundo os federais, a numera\u00e7\u00e3o do chassi da motocicleta estava alterada. A abordagem ocorreu no km 09, no munic\u00edpio de S\u00e3o Jos\u00e9 da Laje, Alagoas.<\/p>\n\n\n\n<p>O homem, que conduzia uma Honda Bros, de cor vermelha, foi conduzido \u00e0 Delegacia Regional de Pol\u00edcia Civil.<\/p>\n\n\n\n<p>A abordagem foi realizada, \u00e0s 10h30, durante uma fiscaliza\u00e7\u00e3o de rotina. Os agentes da PRF notaram diverg\u00eancias entre a numera\u00e7\u00e3o do chassi e do motor.<\/p>\n\n\n\n<p>Diante dos fatos, o suspeito deve responder pelo crime de sinal identificador de ve\u00edculo automotor.<\/p>\n","protected":false},"excerpt":{"rendered":"<p>Imagem: PRF *Estagi\u00e1rio sob supervis\u00e3o A Pol\u00edcia Rodovi\u00e1ria federal prendeu, na manh\u00e3 dessa quarta-feira (14), um motociclista, em um trecho<\/p>\n","protected":false},"author":1,"featured_media":10015,"comment_status":"open","ping_status":"open","sticky":false,"template":"","format":"standard","meta":{"colormag_page_container_layout":"default_layout","colormag_page_sidebar_layout":"default_layout","footnotes":""},"categories":[519],"tags":[1035,58,149],"class_list":["post-10013","post","type-post","status-publish","format-standard","has-post-thumbnail","hentry","category-ultimas","tag-br-104-2","tag-motociclista","tag-sao-jose-da-laje"],"aioseo_notices":[],"_links":{"self":[{"href":"https:\/\/portalr3.online\/index.php\/wp-json\/wp\/v2\/posts\/10013","targetHints":{"allow":["GET"]}}],"collection":[{"href":"https:\/\/portalr3.online\/index.php\/wp-json\/wp\/v2\/posts"}],"about":[{"href":"https:\/\/portalr3.online\/index.php\/wp-json\/wp\/v2\/types\/post"}],"author":[{"embeddable":true,"href":"https:\/\/portalr3.online\/index.php\/wp-json\/wp\/v2\/users\/1"}],"replies":[{"embeddable":true,"href":"https:\/\/portalr3.online\/index.php\/wp-json\/wp\/v2\/comments?post=10013"}],"version-history":[{"count":0,"href":"https:\/\/portalr3.online\/index.php\/wp-json\/wp\/v2\/posts\/10013\/revisions"}],"wp:featuredmedia":[{"embeddable":true,"href":"https:\/\/portalr3.online\/index.php\/wp-json\/wp\/v2\/media\/10015"}],"wp:attachment":[{"href":"https:\/\/portalr3.online\/index.php\/wp-json\/wp\/v2\/media?parent=10013"}],"wp:term":[{"taxonomy":"category","embeddable":true,"href":"https:\/\/portalr3.online\/index.php\/wp-json\/wp\/v2\/categories?post=10013"},{"taxonomy":"post_tag","embeddable":true,"href":"https:\/\/portalr3.online\/index.php\/wp-json\/wp\/v2\/tags?post=10013"}],"curies":[{"name":"wp","href":"https:\/\/api.w.org\/{rel}","templated":true}]}}