{"id":10007,"date":"2021-07-15T10:16:47","date_gmt":"2021-07-15T13:16:47","guid":{"rendered":"https:\/\/portalnarede.com.br\/?p=10007"},"modified":"2021-07-15T10:16:47","modified_gmt":"2021-07-15T13:16:47","slug":"covid-19-onibus-da-vacina-esta-no-vale-do-reginaldo-nesta-quinta-feira-15","status":"publish","type":"post","link":"https:\/\/portalr3.online\/index.php\/2021\/07\/15\/covid-19-onibus-da-vacina-esta-no-vale-do-reginaldo-nesta-quinta-feira-15\/","title":{"rendered":"Covid-19: \u00d4nibus da Vacina est\u00e1 no Vale do Reginaldo nesta quinta-feira (15)"},"content":{"rendered":"\n<p><em>Imagem: Edvan Ferreira\/Secom<\/em><\/p>\n\n\n\n<p><em>*Estagi\u00e1rio sob supervis\u00e3o &#8211; Com informa\u00e7\u00f5es Secom<\/em><\/p>\n\n\n\n<p>O \u00f4nibus da Vacina est\u00e1, nesta quinta-feira (15), no Vale do Reginaldo. Nele, a imuniza\u00e7\u00e3o contra a Covid-19 \u00e9 feita nos indiv\u00edduos com 37 anos ou mais e nas gestantes ou pu\u00e9rperas. Hoje, ele funciona das 9h \u00e0s 16h. \u00a0<\/p>\n\n\n\n<p>A imuniza\u00e7\u00e3o na unidade m\u00f3vel \u00e9 realizada por ordem de chegada, sem a necessidade de agendamento. Em m\u00e9dia, cerca de 300 vacinas s\u00e3o aplicadas por dia no ve\u00edculo.<\/p>\n\n\n\n<p>Para a imuniza\u00e7\u00e3o, o indiv\u00edduo deve comparecer ao local com um documento com foto e comprovante de resid\u00eancia.<\/p>\n\n\n\n<p>Em Macei\u00f3 desde o dia 9 de junho, 9.711 pessoas foram imunizadas no \u00d4nibus da Vacina. Ao todo, segundo o site Vacina Macei\u00f3, 570.651 mil doses foram aplicadas no munic\u00edpio.<\/p>\n","protected":false},"excerpt":{"rendered":"<p>Imagem: Edvan Ferreira\/Secom *Estagi\u00e1rio sob supervis\u00e3o &#8211; Com informa\u00e7\u00f5es Secom O \u00f4nibus da Vacina est\u00e1, nesta quinta-feira (15), no Vale<\/p>\n","protected":false},"author":1,"featured_media":9385,"comment_status":"open","ping_status":"open","sticky":false,"template":"","format":"standard","meta":{"colormag_page_container_layout":"default_layout","colormag_page_sidebar_layout":"default_layout","footnotes":""},"categories":[10],"tags":[82,267,734,732,1033],"class_list":["post-10007","post","type-post","status-publish","format-standard","has-post-thumbnail","hentry","category-noticias","tag-covid-19","tag-imunizacao","tag-onibus-da-vacina","tag-secom","tag-vale-do-reginaldo"],"aioseo_notices":[],"_links":{"self":[{"href":"https:\/\/portalr3.online\/index.php\/wp-json\/wp\/v2\/posts\/10007","targetHints":{"allow":["GET"]}}],"collection":[{"href":"https:\/\/portalr3.online\/index.php\/wp-json\/wp\/v2\/posts"}],"about":[{"href":"https:\/\/portalr3.online\/index.php\/wp-json\/wp\/v2\/types\/post"}],"author":[{"embeddable":true,"href":"https:\/\/portalr3.online\/index.php\/wp-json\/wp\/v2\/users\/1"}],"replies":[{"embeddable":true,"href":"https:\/\/portalr3.online\/index.php\/wp-json\/wp\/v2\/comments?post=10007"}],"version-history":[{"count":0,"href":"https:\/\/portalr3.online\/index.php\/wp-json\/wp\/v2\/posts\/10007\/revisions"}],"wp:featuredmedia":[{"embeddable":true,"href":"https:\/\/portalr3.online\/index.php\/wp-json\/wp\/v2\/media\/9385"}],"wp:attachment":[{"href":"https:\/\/portalr3.online\/index.php\/wp-json\/wp\/v2\/media?parent=10007"}],"wp:term":[{"taxonomy":"category","embeddable":true,"href":"https:\/\/portalr3.online\/index.php\/wp-json\/wp\/v2\/categories?post=10007"},{"taxonomy":"post_tag","embeddable":true,"href":"https:\/\/portalr3.online\/index.php\/wp-json\/wp\/v2\/tags?post=10007"}],"curies":[{"name":"wp","href":"https:\/\/api.w.org\/{rel}","templated":true}]}}